{"id":2132,"date":"2024-10-02T11:18:28","date_gmt":"2024-10-02T09:18:28","guid":{"rendered":"https:\/\/invest.warmia.mazury.pl\/de\/?p=2132"},"modified":"2024-10-02T11:19:10","modified_gmt":"2024-10-02T09:19:10","slug":"der-bau-der-ersten-investition-in-den-wirtschaftsraeumen-des-flughafens-olsztyn-masury-in-szymany-hat-begonnen","status":"publish","type":"post","link":"https:\/\/invest.warmia.mazury.pl\/de\/der-bau-der-ersten-investition-in-den-wirtschaftsraeumen-des-flughafens-olsztyn-masury-in-szymany-hat-begonnen\/","title":{"rendered":"Der Bau der ersten Investition in den Wirtschaftsr\u00e4umen des Flughafens Olsztyn-Masury in Szymany hat begonnen"},"content":{"rendered":"\n<p>Der Bau der ersten Investition in den Wirtschaftsr\u00e4umen des Flughafens Olsztyn-Masury in Szymany hat begonnen. Auf 2 ha entsteht hier ein modernes Medizintechnikzentrum der Consultronix-Gruppe aus Balice bei Krakau \u2013 einem Unternehmen, das medizinische Spezialger\u00e4te herstellt und vertreibt.<\/p>\n\n\n\n<p>Die Consultronix Holding war der erste Investor, der ein Grundst\u00fcck im Investitionsgebiet neben dem Flughafen Ermland-Masuren erwarb. Die Investition im Wert von 20 Mio. PLN umfasst den Bau einer Produktionshalle mit einer Fl\u00e4che von 1.900 m2 und 1.100 m2 B\u00fcrofl\u00e4che. Die neue Anlage wird in Brettschichtholztechnik nach einem modularen Ansatz errichtet, der eine weitere Erweiterung erm\u00f6glicht.<\/p>\n\n\n\n<p>Wir schicken jedes Jahr etwa tausend Menschen mit dem Flugzeug. Wir reisen viel zu ausl\u00e4ndischen Lieferanten, wir versenden Fracht, wir besuchen Messen. F\u00fcr uns ist die N\u00e4he zum Flughafen ein sehr wichtiges Element, da sie unsere Reisezeit deutlich verk\u00fcrzt \u2013 erkl\u00e4rte der Pr\u00e4sident des Unternehmens, Piotr Bara\u0144ski.<br><br>Wiktor W\u00f3jcik, Vorstandsvorsitzender der Flughafenverwaltungsgesellschaft, sieht darin einen weiteren wichtigen Schritt. Ihm zufolge schafft dies M\u00f6glichkeiten f\u00fcr die Entwicklung einer Investitionszone in diesem Bereich.<\/p>\n\n\n\n<p>Die neue Investition bringt eine Reihe sozio\u00f6konomischer Vorteile mit sich \u2013 neue Arbeitspl\u00e4tze, neue Bildungsrichtungen und eine Chance zur Entwicklung f\u00fcr lokale Lieferanten von Waren und Dienstleistungen. \u201eIch freue mich, dass die flughafennahe Zone zum Leben erwacht, und bin sicher, dass der von der Consultronix Capital Group eingeschlagene Weg weitere Investoren nach Ermland und Masuren locken wird\u201c, betont Wiktor W\u00f3jcik, Vorstandsvorsitzender der Warmia i Mazury sp . z o. o., Betreiber des Flughafens Allenstein-Masuren &#8211; erkl\u00e4rte er.<\/p>\n\n\n\n<p>Die Er\u00f6ffnung des Medizintechnischen Zentrums ist f\u00fcr Juli n\u00e4chsten Jahres geplant.<\/p>\n\n\n\n<p>Dies ist ein wichtiger Schritt in die Zukunft des Flughafens und der gesamten Region. Ein Impuls f\u00fcr die Entwicklung des Flughafens und der lokalen Wirtschaft. Die Anlage, die neue Arbeitspl\u00e4tze schafft, wird zur Entwicklung des Flughafens und der lokalen Wirtschaft beitragen. Es werden auch neue Arbeitspl\u00e4tze geschaffen. Die Personalrekrutierung wird im ersten Quartal n\u00e4chsten Jahres beginnen.<\/p>\n\n\n\n<p>Dies werden verschiedene Orte sein, angefangen bei Montageorten in der Produktion dessen, was wir tun. Durch Ingenieure und Vorgesetzte werden hier voraussichtlich Stellen entstehen, die sich mit der Zertifizierung befassen. Wir suchen Konstrukteure. \u2013 sagte Krzysztof Smolarski, Pr\u00e4sident der Muttergesellschaft. Letztlich will das Unternehmen etwa 100 Mitarbeiter besch\u00e4ftigen.<br>Laut dem B\u00fcrgermeister von Szczytno, Stefan Ochman, sind neue Arbeitspl\u00e4tze der gr\u00f6\u00dfte Vorteil dieser Investition f\u00fcr die Stadt.<\/p>\n\n\n\n<p>Ich hoffe, dass hier noch viele weitere Anlagen gebaut werden. Sie seien f\u00fcr die Entwicklung der Stadt \u00e4u\u00dferst notwendig, sagt er.<\/p>\n\n\n\n<p>Laut Vertretern der Woiwodschaftsregierung wird die erste Investition am Flughafen in Szymany weitere Investoren anziehen. Es stehen knapp 80 Hektar zur Bebauung zur Verf\u00fcgung.<\/p>\n","protected":false},"excerpt":{"rendered":"<p>Der Bau der ersten Investition in den Wirtschaftsr\u00e4umen des Flughafens Olsztyn-Masury in Szymany hat begonnen. Auf 2 ha entsteht hier ein modernes Medizintechnikzentrum der Consultronix-Gruppe aus Balice bei Krakau \u2013 [&hellip;]<\/p>\n","protected":false},"author":4,"featured_media":2135,"comment_status":"open","ping_status":"open","sticky":false,"template":"","format":"standard","meta":{"inline_featured_image":false,"footnotes":""},"categories":[7],"tags":[],"class_list":["post-2132","post","type-post","status-publish","format-standard","has-post-thumbnail","hentry","category-news"],"yoast_head":"<!-- This site is optimized with the Yoast SEO plugin v26.7 - https:\/\/yoast.com\/wordpress\/plugins\/seo\/ -->\n<title>Der Bau der ersten Investition in den Wirtschaftsr\u00e4umen des Flughafens Olsztyn-Masury in Szymany hat begonnen - Invest Ermland Masuren<\/title>\n<meta name=\"robots\" content=\"index, follow, max-snippet:-1, max-image-preview:large, max-video-preview:-1\" \/>\n<link rel=\"canonical\" href=\"https:\/\/invest.warmia.mazury.pl\/de\/der-bau-der-ersten-investition-in-den-wirtschaftsraeumen-des-flughafens-olsztyn-masury-in-szymany-hat-begonnen\/\" \/>\n<meta property=\"og:locale\" content=\"de_DE\" \/>\n<meta property=\"og:type\" content=\"article\" \/>\n<meta property=\"og:title\" content=\"Der Bau der ersten Investition in den Wirtschaftsr\u00e4umen des Flughafens Olsztyn-Masury in Szymany hat begonnen - Invest Ermland Masuren\" \/>\n<meta property=\"og:description\" content=\"Der Bau der ersten Investition in den Wirtschaftsr\u00e4umen des Flughafens Olsztyn-Masury in Szymany hat begonnen. Auf 2 ha entsteht hier ein modernes Medizintechnikzentrum der Consultronix-Gruppe aus Balice bei Krakau \u2013 [&hellip;]\" \/>\n<meta property=\"og:url\" content=\"https:\/\/invest.warmia.mazury.pl\/de\/der-bau-der-ersten-investition-in-den-wirtschaftsraeumen-des-flughafens-olsztyn-masury-in-szymany-hat-begonnen\/\" \/>\n<meta property=\"og:site_name\" content=\"Invest Ermland Masuren\" \/>\n<meta property=\"article:published_time\" content=\"2024-10-02T09:18:28+00:00\" \/>\n<meta property=\"article:modified_time\" content=\"2024-10-02T09:19:10+00:00\" \/>\n<meta property=\"og:image\" content=\"https:\/\/invest.warmia.mazury.pl\/de\/wp-content\/uploads\/sites\/4\/2024\/10\/461256189_821759293498246_5701032974541564112_n.jpg\" \/>\n\t<meta property=\"og:image:width\" content=\"2000\" \/>\n\t<meta property=\"og:image:height\" content=\"1333\" \/>\n\t<meta property=\"og:image:type\" content=\"image\/jpeg\" \/>\n<meta name=\"author\" content=\"marta\" \/>\n<meta name=\"twitter:card\" content=\"summary_large_image\" \/>\n<meta name=\"twitter:label1\" content=\"Verfasst von\" \/>\n\t<meta name=\"twitter:data1\" content=\"marta\" \/>\n\t<meta name=\"twitter:label2\" content=\"Gesch\u00e4tzte Lesezeit\" \/>\n\t<meta name=\"twitter:data2\" content=\"2\u00a0Minuten\" \/>\n<script type=\"application\/ld+json\" class=\"yoast-schema-graph\">{\"@context\":\"https:\/\/schema.org\",\"@graph\":[{\"@type\":\"Article\",\"@id\":\"https:\/\/invest.warmia.mazury.pl\/de\/der-bau-der-ersten-investition-in-den-wirtschaftsraeumen-des-flughafens-olsztyn-masury-in-szymany-hat-begonnen\/#article\",\"isPartOf\":{\"@id\":\"https:\/\/invest.warmia.mazury.pl\/de\/der-bau-der-ersten-investition-in-den-wirtschaftsraeumen-des-flughafens-olsztyn-masury-in-szymany-hat-begonnen\/\"},\"author\":{\"name\":\"marta\",\"@id\":\"https:\/\/invest.warmia.mazury.pl\/de\/#\/schema\/person\/d815b4c4a4f90ca018aab7dd6124ed43\"},\"headline\":\"Der Bau der ersten Investition in den Wirtschaftsr\u00e4umen des Flughafens Olsztyn-Masury in Szymany hat begonnen\",\"datePublished\":\"2024-10-02T09:18:28+00:00\",\"dateModified\":\"2024-10-02T09:19:10+00:00\",\"mainEntityOfPage\":{\"@id\":\"https:\/\/invest.warmia.mazury.pl\/de\/der-bau-der-ersten-investition-in-den-wirtschaftsraeumen-des-flughafens-olsztyn-masury-in-szymany-hat-begonnen\/\"},\"wordCount\":463,\"commentCount\":0,\"publisher\":{\"@id\":\"https:\/\/invest.warmia.mazury.pl\/de\/#organization\"},\"image\":{\"@id\":\"https:\/\/invest.warmia.mazury.pl\/de\/der-bau-der-ersten-investition-in-den-wirtschaftsraeumen-des-flughafens-olsztyn-masury-in-szymany-hat-begonnen\/#primaryimage\"},\"thumbnailUrl\":\"https:\/\/invest.warmia.mazury.pl\/de\/wp-content\/uploads\/sites\/4\/2024\/10\/461256189_821759293498246_5701032974541564112_n.jpg\",\"articleSection\":[\"Nachrichten\"],\"inLanguage\":\"de\",\"potentialAction\":[{\"@type\":\"CommentAction\",\"name\":\"Comment\",\"target\":[\"https:\/\/invest.warmia.mazury.pl\/de\/der-bau-der-ersten-investition-in-den-wirtschaftsraeumen-des-flughafens-olsztyn-masury-in-szymany-hat-begonnen\/#respond\"]}]},{\"@type\":\"WebPage\",\"@id\":\"https:\/\/invest.warmia.mazury.pl\/de\/der-bau-der-ersten-investition-in-den-wirtschaftsraeumen-des-flughafens-olsztyn-masury-in-szymany-hat-begonnen\/\",\"url\":\"https:\/\/invest.warmia.mazury.pl\/de\/der-bau-der-ersten-investition-in-den-wirtschaftsraeumen-des-flughafens-olsztyn-masury-in-szymany-hat-begonnen\/\",\"name\":\"Der Bau der ersten Investition in den Wirtschaftsr\u00e4umen des Flughafens Olsztyn-Masury in Szymany hat begonnen - Invest Ermland Masuren\",\"isPartOf\":{\"@id\":\"https:\/\/invest.warmia.mazury.pl\/de\/#website\"},\"primaryImageOfPage\":{\"@id\":\"https:\/\/invest.warmia.mazury.pl\/de\/der-bau-der-ersten-investition-in-den-wirtschaftsraeumen-des-flughafens-olsztyn-masury-in-szymany-hat-begonnen\/#primaryimage\"},\"image\":{\"@id\":\"https:\/\/invest.warmia.mazury.pl\/de\/der-bau-der-ersten-investition-in-den-wirtschaftsraeumen-des-flughafens-olsztyn-masury-in-szymany-hat-begonnen\/#primaryimage\"},\"thumbnailUrl\":\"https:\/\/invest.warmia.mazury.pl\/de\/wp-content\/uploads\/sites\/4\/2024\/10\/461256189_821759293498246_5701032974541564112_n.jpg\",\"datePublished\":\"2024-10-02T09:18:28+00:00\",\"dateModified\":\"2024-10-02T09:19:10+00:00\",\"breadcrumb\":{\"@id\":\"https:\/\/invest.warmia.mazury.pl\/de\/der-bau-der-ersten-investition-in-den-wirtschaftsraeumen-des-flughafens-olsztyn-masury-in-szymany-hat-begonnen\/#breadcrumb\"},\"inLanguage\":\"de\",\"potentialAction\":[{\"@type\":\"ReadAction\",\"target\":[\"https:\/\/invest.warmia.mazury.pl\/de\/der-bau-der-ersten-investition-in-den-wirtschaftsraeumen-des-flughafens-olsztyn-masury-in-szymany-hat-begonnen\/\"]}]},{\"@type\":\"ImageObject\",\"inLanguage\":\"de\",\"@id\":\"https:\/\/invest.warmia.mazury.pl\/de\/der-bau-der-ersten-investition-in-den-wirtschaftsraeumen-des-flughafens-olsztyn-masury-in-szymany-hat-begonnen\/#primaryimage\",\"url\":\"https:\/\/invest.warmia.mazury.pl\/de\/wp-content\/uploads\/sites\/4\/2024\/10\/461256189_821759293498246_5701032974541564112_n.jpg\",\"contentUrl\":\"https:\/\/invest.warmia.mazury.pl\/de\/wp-content\/uploads\/sites\/4\/2024\/10\/461256189_821759293498246_5701032974541564112_n.jpg\",\"width\":2000,\"height\":1333},{\"@type\":\"BreadcrumbList\",\"@id\":\"https:\/\/invest.warmia.mazury.pl\/de\/der-bau-der-ersten-investition-in-den-wirtschaftsraeumen-des-flughafens-olsztyn-masury-in-szymany-hat-begonnen\/#breadcrumb\",\"itemListElement\":[{\"@type\":\"ListItem\",\"position\":1,\"name\":\"Strona g\u0142\u00f3wna\",\"item\":\"https:\/\/invest.warmia.mazury.pl\/de\/\"},{\"@type\":\"ListItem\",\"position\":2,\"name\":\"Der Bau der ersten Investition in den Wirtschaftsr\u00e4umen des Flughafens Olsztyn-Masury in Szymany hat begonnen\"}]},{\"@type\":\"WebSite\",\"@id\":\"https:\/\/invest.warmia.mazury.pl\/de\/#website\",\"url\":\"https:\/\/invest.warmia.mazury.pl\/de\/\",\"name\":\"Invest Ermland Masuren\",\"description\":\"\",\"publisher\":{\"@id\":\"https:\/\/invest.warmia.mazury.pl\/de\/#organization\"},\"potentialAction\":[{\"@type\":\"SearchAction\",\"target\":{\"@type\":\"EntryPoint\",\"urlTemplate\":\"https:\/\/invest.warmia.mazury.pl\/de\/?s={search_term_string}\"},\"query-input\":{\"@type\":\"PropertyValueSpecification\",\"valueRequired\":true,\"valueName\":\"search_term_string\"}}],\"inLanguage\":\"de\"},{\"@type\":\"Organization\",\"@id\":\"https:\/\/invest.warmia.mazury.pl\/de\/#organization\",\"name\":\"Invest Ermland Masuren\",\"url\":\"https:\/\/invest.warmia.mazury.pl\/de\/\",\"logo\":{\"@type\":\"ImageObject\",\"inLanguage\":\"de\",\"@id\":\"https:\/\/invest.warmia.mazury.pl\/de\/#\/schema\/logo\/image\/\",\"url\":\"https:\/\/invest.warmia.mazury.pl\/de\/wp-content\/uploads\/sites\/4\/2021\/12\/logo-invest-in-color.svg\",\"contentUrl\":\"https:\/\/invest.warmia.mazury.pl\/de\/wp-content\/uploads\/sites\/4\/2021\/12\/logo-invest-in-color.svg\",\"caption\":\"Invest Ermland Masuren\"},\"image\":{\"@id\":\"https:\/\/invest.warmia.mazury.pl\/de\/#\/schema\/logo\/image\/\"}},{\"@type\":\"Person\",\"@id\":\"https:\/\/invest.warmia.mazury.pl\/de\/#\/schema\/person\/d815b4c4a4f90ca018aab7dd6124ed43\",\"name\":\"marta\",\"image\":{\"@type\":\"ImageObject\",\"inLanguage\":\"de\",\"@id\":\"https:\/\/invest.warmia.mazury.pl\/de\/#\/schema\/person\/image\/\",\"url\":\"https:\/\/secure.gravatar.com\/avatar\/fd1add20b7b459e67ea7959e2face29b?s=96&d=mm&r=g\",\"contentUrl\":\"https:\/\/secure.gravatar.com\/avatar\/fd1add20b7b459e67ea7959e2face29b?s=96&d=mm&r=g\",\"caption\":\"marta\"}}]}<\/script>\n<!-- \/ Yoast SEO plugin. -->","yoast_head_json":{"title":"Der Bau der ersten Investition in den Wirtschaftsr\u00e4umen des Flughafens Olsztyn-Masury in Szymany hat begonnen - Invest Ermland Masuren","robots":{"index":"index","follow":"follow","max-snippet":"max-snippet:-1","max-image-preview":"max-image-preview:large","max-video-preview":"max-video-preview:-1"},"canonical":"https:\/\/invest.warmia.mazury.pl\/de\/der-bau-der-ersten-investition-in-den-wirtschaftsraeumen-des-flughafens-olsztyn-masury-in-szymany-hat-begonnen\/","og_locale":"de_DE","og_type":"article","og_title":"Der Bau der ersten Investition in den Wirtschaftsr\u00e4umen des Flughafens Olsztyn-Masury in Szymany hat begonnen - Invest Ermland Masuren","og_description":"Der Bau der ersten Investition in den Wirtschaftsr\u00e4umen des Flughafens Olsztyn-Masury in Szymany hat begonnen. Auf 2 ha entsteht hier ein modernes Medizintechnikzentrum der Consultronix-Gruppe aus Balice bei Krakau \u2013 [&hellip;]","og_url":"https:\/\/invest.warmia.mazury.pl\/de\/der-bau-der-ersten-investition-in-den-wirtschaftsraeumen-des-flughafens-olsztyn-masury-in-szymany-hat-begonnen\/","og_site_name":"Invest Ermland Masuren","article_published_time":"2024-10-02T09:18:28+00:00","article_modified_time":"2024-10-02T09:19:10+00:00","og_image":[{"width":2000,"height":1333,"url":"https:\/\/invest.warmia.mazury.pl\/de\/wp-content\/uploads\/sites\/4\/2024\/10\/461256189_821759293498246_5701032974541564112_n.jpg","type":"image\/jpeg"}],"author":"marta","twitter_card":"summary_large_image","twitter_misc":{"Verfasst von":"marta","Gesch\u00e4tzte Lesezeit":"2\u00a0Minuten"},"schema":{"@context":"https:\/\/schema.org","@graph":[{"@type":"Article","@id":"https:\/\/invest.warmia.mazury.pl\/de\/der-bau-der-ersten-investition-in-den-wirtschaftsraeumen-des-flughafens-olsztyn-masury-in-szymany-hat-begonnen\/#article","isPartOf":{"@id":"https:\/\/invest.warmia.mazury.pl\/de\/der-bau-der-ersten-investition-in-den-wirtschaftsraeumen-des-flughafens-olsztyn-masury-in-szymany-hat-begonnen\/"},"author":{"name":"marta","@id":"https:\/\/invest.warmia.mazury.pl\/de\/#\/schema\/person\/d815b4c4a4f90ca018aab7dd6124ed43"},"headline":"Der Bau der ersten Investition in den Wirtschaftsr\u00e4umen des Flughafens Olsztyn-Masury in Szymany hat begonnen","datePublished":"2024-10-02T09:18:28+00:00","dateModified":"2024-10-02T09:19:10+00:00","mainEntityOfPage":{"@id":"https:\/\/invest.warmia.mazury.pl\/de\/der-bau-der-ersten-investition-in-den-wirtschaftsraeumen-des-flughafens-olsztyn-masury-in-szymany-hat-begonnen\/"},"wordCount":463,"commentCount":0,"publisher":{"@id":"https:\/\/invest.warmia.mazury.pl\/de\/#organization"},"image":{"@id":"https:\/\/invest.warmia.mazury.pl\/de\/der-bau-der-ersten-investition-in-den-wirtschaftsraeumen-des-flughafens-olsztyn-masury-in-szymany-hat-begonnen\/#primaryimage"},"thumbnailUrl":"https:\/\/invest.warmia.mazury.pl\/de\/wp-content\/uploads\/sites\/4\/2024\/10\/461256189_821759293498246_5701032974541564112_n.jpg","articleSection":["Nachrichten"],"inLanguage":"de","potentialAction":[{"@type":"CommentAction","name":"Comment","target":["https:\/\/invest.warmia.mazury.pl\/de\/der-bau-der-ersten-investition-in-den-wirtschaftsraeumen-des-flughafens-olsztyn-masury-in-szymany-hat-begonnen\/#respond"]}]},{"@type":"WebPage","@id":"https:\/\/invest.warmia.mazury.pl\/de\/der-bau-der-ersten-investition-in-den-wirtschaftsraeumen-des-flughafens-olsztyn-masury-in-szymany-hat-begonnen\/","url":"https:\/\/invest.warmia.mazury.pl\/de\/der-bau-der-ersten-investition-in-den-wirtschaftsraeumen-des-flughafens-olsztyn-masury-in-szymany-hat-begonnen\/","name":"Der Bau der ersten Investition in den Wirtschaftsr\u00e4umen des Flughafens Olsztyn-Masury in Szymany hat begonnen - Invest Ermland Masuren","isPartOf":{"@id":"https:\/\/invest.warmia.mazury.pl\/de\/#website"},"primaryImageOfPage":{"@id":"https:\/\/invest.warmia.mazury.pl\/de\/der-bau-der-ersten-investition-in-den-wirtschaftsraeumen-des-flughafens-olsztyn-masury-in-szymany-hat-begonnen\/#primaryimage"},"image":{"@id":"https:\/\/invest.warmia.mazury.pl\/de\/der-bau-der-ersten-investition-in-den-wirtschaftsraeumen-des-flughafens-olsztyn-masury-in-szymany-hat-begonnen\/#primaryimage"},"thumbnailUrl":"https:\/\/invest.warmia.mazury.pl\/de\/wp-content\/uploads\/sites\/4\/2024\/10\/461256189_821759293498246_5701032974541564112_n.jpg","datePublished":"2024-10-02T09:18:28+00:00","dateModified":"2024-10-02T09:19:10+00:00","breadcrumb":{"@id":"https:\/\/invest.warmia.mazury.pl\/de\/der-bau-der-ersten-investition-in-den-wirtschaftsraeumen-des-flughafens-olsztyn-masury-in-szymany-hat-begonnen\/#breadcrumb"},"inLanguage":"de","potentialAction":[{"@type":"ReadAction","target":["https:\/\/invest.warmia.mazury.pl\/de\/der-bau-der-ersten-investition-in-den-wirtschaftsraeumen-des-flughafens-olsztyn-masury-in-szymany-hat-begonnen\/"]}]},{"@type":"ImageObject","inLanguage":"de","@id":"https:\/\/invest.warmia.mazury.pl\/de\/der-bau-der-ersten-investition-in-den-wirtschaftsraeumen-des-flughafens-olsztyn-masury-in-szymany-hat-begonnen\/#primaryimage","url":"https:\/\/invest.warmia.mazury.pl\/de\/wp-content\/uploads\/sites\/4\/2024\/10\/461256189_821759293498246_5701032974541564112_n.jpg","contentUrl":"https:\/\/invest.warmia.mazury.pl\/de\/wp-content\/uploads\/sites\/4\/2024\/10\/461256189_821759293498246_5701032974541564112_n.jpg","width":2000,"height":1333},{"@type":"BreadcrumbList","@id":"https:\/\/invest.warmia.mazury.pl\/de\/der-bau-der-ersten-investition-in-den-wirtschaftsraeumen-des-flughafens-olsztyn-masury-in-szymany-hat-begonnen\/#breadcrumb","itemListElement":[{"@type":"ListItem","position":1,"name":"Strona g\u0142\u00f3wna","item":"https:\/\/invest.warmia.mazury.pl\/de\/"},{"@type":"ListItem","position":2,"name":"Der Bau der ersten Investition in den Wirtschaftsr\u00e4umen des Flughafens Olsztyn-Masury in Szymany hat begonnen"}]},{"@type":"WebSite","@id":"https:\/\/invest.warmia.mazury.pl\/de\/#website","url":"https:\/\/invest.warmia.mazury.pl\/de\/","name":"Invest Ermland Masuren","description":"","publisher":{"@id":"https:\/\/invest.warmia.mazury.pl\/de\/#organization"},"potentialAction":[{"@type":"SearchAction","target":{"@type":"EntryPoint","urlTemplate":"https:\/\/invest.warmia.mazury.pl\/de\/?s={search_term_string}"},"query-input":{"@type":"PropertyValueSpecification","valueRequired":true,"valueName":"search_term_string"}}],"inLanguage":"de"},{"@type":"Organization","@id":"https:\/\/invest.warmia.mazury.pl\/de\/#organization","name":"Invest Ermland Masuren","url":"https:\/\/invest.warmia.mazury.pl\/de\/","logo":{"@type":"ImageObject","inLanguage":"de","@id":"https:\/\/invest.warmia.mazury.pl\/de\/#\/schema\/logo\/image\/","url":"https:\/\/invest.warmia.mazury.pl\/de\/wp-content\/uploads\/sites\/4\/2021\/12\/logo-invest-in-color.svg","contentUrl":"https:\/\/invest.warmia.mazury.pl\/de\/wp-content\/uploads\/sites\/4\/2021\/12\/logo-invest-in-color.svg","caption":"Invest Ermland Masuren"},"image":{"@id":"https:\/\/invest.warmia.mazury.pl\/de\/#\/schema\/logo\/image\/"}},{"@type":"Person","@id":"https:\/\/invest.warmia.mazury.pl\/de\/#\/schema\/person\/d815b4c4a4f90ca018aab7dd6124ed43","name":"marta","image":{"@type":"ImageObject","inLanguage":"de","@id":"https:\/\/invest.warmia.mazury.pl\/de\/#\/schema\/person\/image\/","url":"https:\/\/secure.gravatar.com\/avatar\/fd1add20b7b459e67ea7959e2face29b?s=96&d=mm&r=g","contentUrl":"https:\/\/secure.gravatar.com\/avatar\/fd1add20b7b459e67ea7959e2face29b?s=96&d=mm&r=g","caption":"marta"}}]}},"_links":{"self":[{"href":"https:\/\/invest.warmia.mazury.pl\/de\/wp-json\/wp\/v2\/posts\/2132","targetHints":{"allow":["GET"]}}],"collection":[{"href":"https:\/\/invest.warmia.mazury.pl\/de\/wp-json\/wp\/v2\/posts"}],"about":[{"href":"https:\/\/invest.warmia.mazury.pl\/de\/wp-json\/wp\/v2\/types\/post"}],"author":[{"embeddable":true,"href":"https:\/\/invest.warmia.mazury.pl\/de\/wp-json\/wp\/v2\/users\/4"}],"replies":[{"embeddable":true,"href":"https:\/\/invest.warmia.mazury.pl\/de\/wp-json\/wp\/v2\/comments?post=2132"}],"version-history":[{"count":1,"href":"https:\/\/invest.warmia.mazury.pl\/de\/wp-json\/wp\/v2\/posts\/2132\/revisions"}],"predecessor-version":[{"id":2134,"href":"https:\/\/invest.warmia.mazury.pl\/de\/wp-json\/wp\/v2\/posts\/2132\/revisions\/2134"}],"wp:featuredmedia":[{"embeddable":true,"href":"https:\/\/invest.warmia.mazury.pl\/de\/wp-json\/wp\/v2\/media\/2135"}],"wp:attachment":[{"href":"https:\/\/invest.warmia.mazury.pl\/de\/wp-json\/wp\/v2\/media?parent=2132"}],"wp:term":[{"taxonomy":"category","embeddable":true,"href":"https:\/\/invest.warmia.mazury.pl\/de\/wp-json\/wp\/v2\/categories?post=2132"},{"taxonomy":"post_tag","embeddable":true,"href":"https:\/\/invest.warmia.mazury.pl\/de\/wp-json\/wp\/v2\/tags?post=2132"}],"curies":[{"name":"wp","href":"https:\/\/api.w.org\/{rel}","templated":true}]}}