{"id":133,"date":"2022-02-23T21:13:00","date_gmt":"2022-02-23T20:13:00","guid":{"rendered":"https:\/\/invest.warmia.mazury.pl\/de\/?p=133"},"modified":"2025-07-16T11:35:41","modified_gmt":"2025-07-16T09:35:41","slug":"infrastruktur-in-der-region","status":"publish","type":"post","link":"https:\/\/invest.warmia.mazury.pl\/de\/infrastruktur-in-der-region\/","title":{"rendered":"<strong>Infrastruktur in der Region<\/strong>"},"content":{"rendered":"\n<p>Die Woiwodschaft Ermland-Masuren verf\u00fcgt \u00fcber eine gut ausgebaute Infrastruktur, darunter<\/p>\n\n\n\n<ol class=\"wp-block-list\">\n<li>Flughafen (nationale und internationale Fl\u00fcge)<\/li>\n\n\n\n<li>Seehafen<\/li>\n\n\n\n<li>Schnellstra\u00dfennetz<\/li>\n\n\n\n<li>Nationales Stra\u00dfennetz<\/li>\n\n\n\n<li>Eisenbahnnetz<\/li>\n<\/ol>\n\n\n\n<h2 class=\"wp-block-heading\"><strong>Flughafen<\/strong><\/h2>\n\n\n\n<p>Seit 5 Jahren gibt es in der <strong>Region den Flughafen Olsztyn-Mazury.<\/strong><\/p>\n\n\n\n<figure class=\"wp-block-image size-large\"><img loading=\"lazy\" decoding=\"async\" width=\"1024\" height=\"405\" src=\"https:\/\/invest.warmia.mazury.pl\/de\/wp-content\/uploads\/sites\/4\/2022\/02\/lotnisko-1024x405.jpg\" alt=\"\" class=\"wp-image-154\" srcset=\"https:\/\/invest.warmia.mazury.pl\/de\/wp-content\/uploads\/sites\/4\/2022\/02\/lotnisko-1024x405.jpg 1024w, https:\/\/invest.warmia.mazury.pl\/de\/wp-content\/uploads\/sites\/4\/2022\/02\/lotnisko-300x119.jpg 300w, https:\/\/invest.warmia.mazury.pl\/de\/wp-content\/uploads\/sites\/4\/2022\/02\/lotnisko-1296x513.jpg 1296w, https:\/\/invest.warmia.mazury.pl\/de\/wp-content\/uploads\/sites\/4\/2022\/02\/lotnisko-768x304.jpg 768w, https:\/\/invest.warmia.mazury.pl\/de\/wp-content\/uploads\/sites\/4\/2022\/02\/lotnisko.jpg 1441w\" sizes=\"auto, (max-width: 1024px) 100vw, 1024px\" \/><\/figure>\n\n\n\n<p>Dieser befindet sich in Szymany, 10 km von Szczytno und 56 km von Olsztyn (der Hauptstadt der Woiwodschaft) entfernt. Sie k\u00f6nnen dort mit dem Auto oder per Zug anreisen &#8211; die Fahrt von Szymany nach Olsztyn dauert weniger als eine Stunde.<\/p>\n\n\n\n<p>Im Streckennetz des Flughafens Olsztyn-Mazury gibt es Linienfl\u00fcge und Urlaubs-Charterverbindungen. Derzeit sind Fl\u00fcge zu folgenden Zielen verf\u00fcgbar:<\/p>\n\n\n\n<ul class=\"wp-block-list\">\n<li>London<\/li>\n\n\n\n<li>Dortmund<\/li>\n\n\n\n<li>D\u00fcsseldorf<\/li>\n\n\n\n<li>Wroc\u0142aw<\/li>\n\n\n\n<li>Krak\u00f3w<\/li>\n<\/ul>\n\n\n\n<p>In der Sommersaison: Charterfl\u00fcge in die T\u00fcrkei und nach \u00c4gypten.<\/p>\n\n\n\n<p>Die Arbeiten zur Er\u00f6ffnung neuer Verbindungen sind noch im Gange.<\/p>\n\n\n\n<p>Einzelheiten zu den aktuellen Routen und den Fluggesellschaften finden Sie unter <a href=\"https:\/\/www.mazuryairport.pl\">www.mazuryairport.pl<\/a>.<\/p>\n\n\n\n<p>Neben dem Passagierverkehr bedient der regionale Flughafen umfassend auch den Bereich der Allgemeinen Luftfahrt (General Aviation), einschlie\u00dflich Gesch\u00e4ftsfl\u00fcgen, Schulungs-, Medizin- und Milit\u00e4rfl\u00fcgen sowie Frachtverkehr.<\/p>\n\n\n\n<p>Der Flughafen Olsztyn-Mazury ist ein zentrales Element der Verkehrsinfrastruktur nicht nur f\u00fcr Ermland und Masuren, sondern f\u00fcr die gesamte nordostpolnische Region. Die am Flughafen durchgef\u00fchrten Investitionen f\u00f6rdern die lokale Wirtschaft und st\u00e4rken das Investitionspotenzial der Woiwodschaft Ermland-Masuren.<\/p>\n\n\n\n<figure class=\"wp-block-gallery has-nested-images columns-default is-cropped wp-block-gallery-1 is-layout-flex wp-block-gallery-is-layout-flex\">\n<figure class=\"wp-block-image size-large\"><img loading=\"lazy\" decoding=\"async\" width=\"1024\" height=\"683\" data-id=\"163\" src=\"https:\/\/invest.warmia.mazury.pl\/de\/wp-content\/uploads\/sites\/4\/2022\/02\/IMG_7396-1024x683.jpg\" alt=\"\" class=\"wp-image-163\" srcset=\"https:\/\/invest.warmia.mazury.pl\/de\/wp-content\/uploads\/sites\/4\/2022\/02\/IMG_7396-1024x683.jpg 1024w, https:\/\/invest.warmia.mazury.pl\/de\/wp-content\/uploads\/sites\/4\/2022\/02\/IMG_7396-300x200.jpg 300w, https:\/\/invest.warmia.mazury.pl\/de\/wp-content\/uploads\/sites\/4\/2022\/02\/IMG_7396-1296x864.jpg 1296w, https:\/\/invest.warmia.mazury.pl\/de\/wp-content\/uploads\/sites\/4\/2022\/02\/IMG_7396-768x512.jpg 768w, https:\/\/invest.warmia.mazury.pl\/de\/wp-content\/uploads\/sites\/4\/2022\/02\/IMG_7396-1536x1024.jpg 1536w, https:\/\/invest.warmia.mazury.pl\/de\/wp-content\/uploads\/sites\/4\/2022\/02\/IMG_7396.jpg 2048w\" sizes=\"auto, (max-width: 1024px) 100vw, 1024px\" \/><\/figure>\n\n\n\n<figure class=\"wp-block-image size-large\"><img loading=\"lazy\" decoding=\"async\" width=\"1024\" height=\"683\" data-id=\"164\" src=\"https:\/\/invest.warmia.mazury.pl\/de\/wp-content\/uploads\/sites\/4\/2022\/02\/IMG_7402-1024x683.jpg\" alt=\"\" class=\"wp-image-164\" srcset=\"https:\/\/invest.warmia.mazury.pl\/de\/wp-content\/uploads\/sites\/4\/2022\/02\/IMG_7402-1024x683.jpg 1024w, https:\/\/invest.warmia.mazury.pl\/de\/wp-content\/uploads\/sites\/4\/2022\/02\/IMG_7402-300x200.jpg 300w, https:\/\/invest.warmia.mazury.pl\/de\/wp-content\/uploads\/sites\/4\/2022\/02\/IMG_7402-1296x864.jpg 1296w, https:\/\/invest.warmia.mazury.pl\/de\/wp-content\/uploads\/sites\/4\/2022\/02\/IMG_7402-768x512.jpg 768w, https:\/\/invest.warmia.mazury.pl\/de\/wp-content\/uploads\/sites\/4\/2022\/02\/IMG_7402-1536x1024.jpg 1536w, https:\/\/invest.warmia.mazury.pl\/de\/wp-content\/uploads\/sites\/4\/2022\/02\/IMG_7402.jpg 2048w\" sizes=\"auto, (max-width: 1024px) 100vw, 1024px\" \/><\/figure>\n\n\n\n<figure class=\"wp-block-image size-large\"><img loading=\"lazy\" decoding=\"async\" width=\"1024\" height=\"683\" data-id=\"166\" src=\"https:\/\/invest.warmia.mazury.pl\/de\/wp-content\/uploads\/sites\/4\/2022\/02\/4Z2A9011-1024x683.jpg\" alt=\"\" class=\"wp-image-166\" srcset=\"https:\/\/invest.warmia.mazury.pl\/de\/wp-content\/uploads\/sites\/4\/2022\/02\/4Z2A9011-1024x683.jpg 1024w, https:\/\/invest.warmia.mazury.pl\/de\/wp-content\/uploads\/sites\/4\/2022\/02\/4Z2A9011-300x200.jpg 300w, https:\/\/invest.warmia.mazury.pl\/de\/wp-content\/uploads\/sites\/4\/2022\/02\/4Z2A9011-1296x864.jpg 1296w, https:\/\/invest.warmia.mazury.pl\/de\/wp-content\/uploads\/sites\/4\/2022\/02\/4Z2A9011-768x512.jpg 768w, https:\/\/invest.warmia.mazury.pl\/de\/wp-content\/uploads\/sites\/4\/2022\/02\/4Z2A9011-1536x1024.jpg 1536w, https:\/\/invest.warmia.mazury.pl\/de\/wp-content\/uploads\/sites\/4\/2022\/02\/4Z2A9011.jpg 2047w\" sizes=\"auto, (max-width: 1024px) 100vw, 1024px\" \/><\/figure>\n<\/figure>\n\n\n\n<figure class=\"wp-block-gallery has-nested-images columns-default is-cropped wp-block-gallery-2 is-layout-flex wp-block-gallery-is-layout-flex\">\n<figure class=\"wp-block-image size-large\"><img loading=\"lazy\" decoding=\"async\" width=\"1024\" height=\"683\" data-id=\"162\" src=\"https:\/\/invest.warmia.mazury.pl\/de\/wp-content\/uploads\/sites\/4\/2022\/02\/4Z2A2069-1024x683.jpg\" alt=\"\" class=\"wp-image-162\" srcset=\"https:\/\/invest.warmia.mazury.pl\/de\/wp-content\/uploads\/sites\/4\/2022\/02\/4Z2A2069-1024x683.jpg 1024w, https:\/\/invest.warmia.mazury.pl\/de\/wp-content\/uploads\/sites\/4\/2022\/02\/4Z2A2069-300x200.jpg 300w, https:\/\/invest.warmia.mazury.pl\/de\/wp-content\/uploads\/sites\/4\/2022\/02\/4Z2A2069-1296x864.jpg 1296w, https:\/\/invest.warmia.mazury.pl\/de\/wp-content\/uploads\/sites\/4\/2022\/02\/4Z2A2069-768x512.jpg 768w, https:\/\/invest.warmia.mazury.pl\/de\/wp-content\/uploads\/sites\/4\/2022\/02\/4Z2A2069-1536x1024.jpg 1536w, https:\/\/invest.warmia.mazury.pl\/de\/wp-content\/uploads\/sites\/4\/2022\/02\/4Z2A2069.jpg 2048w\" sizes=\"auto, (max-width: 1024px) 100vw, 1024px\" \/><\/figure>\n\n\n\n<figure class=\"wp-block-image size-large\"><img loading=\"lazy\" decoding=\"async\" width=\"1024\" height=\"683\" data-id=\"161\" src=\"https:\/\/invest.warmia.mazury.pl\/de\/wp-content\/uploads\/sites\/4\/2022\/02\/4Z2A2077-1024x683.jpg\" alt=\"\" class=\"wp-image-161\" srcset=\"https:\/\/invest.warmia.mazury.pl\/de\/wp-content\/uploads\/sites\/4\/2022\/02\/4Z2A2077-1024x683.jpg 1024w, https:\/\/invest.warmia.mazury.pl\/de\/wp-content\/uploads\/sites\/4\/2022\/02\/4Z2A2077-300x200.jpg 300w, https:\/\/invest.warmia.mazury.pl\/de\/wp-content\/uploads\/sites\/4\/2022\/02\/4Z2A2077-1296x864.jpg 1296w, https:\/\/invest.warmia.mazury.pl\/de\/wp-content\/uploads\/sites\/4\/2022\/02\/4Z2A2077-768x512.jpg 768w, https:\/\/invest.warmia.mazury.pl\/de\/wp-content\/uploads\/sites\/4\/2022\/02\/4Z2A2077-1536x1024.jpg 1536w, https:\/\/invest.warmia.mazury.pl\/de\/wp-content\/uploads\/sites\/4\/2022\/02\/4Z2A2077.jpg 2048w\" sizes=\"auto, (max-width: 1024px) 100vw, 1024px\" \/><\/figure>\n\n\n\n<figure class=\"wp-block-image size-large\"><img loading=\"lazy\" decoding=\"async\" width=\"1024\" height=\"683\" data-id=\"167\" src=\"https:\/\/invest.warmia.mazury.pl\/de\/wp-content\/uploads\/sites\/4\/2022\/02\/4Z2A1094-1024x683.jpg\" alt=\"\" class=\"wp-image-167\" srcset=\"https:\/\/invest.warmia.mazury.pl\/de\/wp-content\/uploads\/sites\/4\/2022\/02\/4Z2A1094-1024x683.jpg 1024w, https:\/\/invest.warmia.mazury.pl\/de\/wp-content\/uploads\/sites\/4\/2022\/02\/4Z2A1094-300x200.jpg 300w, https:\/\/invest.warmia.mazury.pl\/de\/wp-content\/uploads\/sites\/4\/2022\/02\/4Z2A1094-1296x864.jpg 1296w, https:\/\/invest.warmia.mazury.pl\/de\/wp-content\/uploads\/sites\/4\/2022\/02\/4Z2A1094-768x512.jpg 768w, https:\/\/invest.warmia.mazury.pl\/de\/wp-content\/uploads\/sites\/4\/2022\/02\/4Z2A1094-1536x1024.jpg 1536w, https:\/\/invest.warmia.mazury.pl\/de\/wp-content\/uploads\/sites\/4\/2022\/02\/4Z2A1094.jpg 2048w\" sizes=\"auto, (max-width: 1024px) 100vw, 1024px\" \/><\/figure>\n<figcaption class=\"blocks-gallery-caption wp-element-caption\">\u0179r\u00f3d\u0142o: Port Lotniczy Olsztyn-Mazury<\/figcaption><\/figure>\n\n\n\n<p><strong>DER FLUGHAFEN IN ZAHLEN &#8211; interessante Fakten \u00fcber den Flughafen Olsztyn-Mazury<\/strong><\/p>\n\n\n\n<ul class=\"wp-block-list\">\n<li><strong>72 ha<\/strong> &#8211; die Fl\u00e4che des Investitionsgel\u00e4ndes in der Flugplatzzone<\/li>\n\n\n\n<li><strong>465 ha<\/strong> &#8211; die Fl\u00e4che des Flughafens Olsztyn-Mazury<\/li>\n\n\n\n<li><strong>58 km<\/strong> trennen den Flughafen Olsztyn-Mazury von der Hauptstadt der Woiwodschaft Olsztyn<\/li>\n\n\n\n<li><strong>400 Parkpl\u00e4tze<\/strong> f\u00fcr Flughafenpassagiere sind verf\u00fcgbar<\/li>\n\n\n\n<li><strong>30 Minuten<\/strong> &#8211; so lange dauert es im Durchschnitt, bis ein Flugzeug nach der Landung wieder startklar ist<\/li>\n\n\n\n<li>Die Landebahn ist <strong>2,5 km<\/strong> lang<\/li>\n\n\n\n<li><strong>01 und 19<\/strong> sind die Start- und Landerichtungen der Landebahn des Flughafens Olsztyn-Mazury<\/li>\n\n\n\n<li><strong>4 Flugzeugparkfelder<\/strong> sind am Flughafen Olsztyn-Mazury verf\u00fcgbar<\/li>\n\n\n\n<li><strong>Bravo, Papa, Romeo, Tango und Sierra<\/strong> sind die Namen der Flugzeugrollbahnen am Flughafen Olsztyn-Mazury (die Namen stammen aus dem Fliegeralphabet)<\/li>\n\n\n\n<li><strong>EPSY <\/strong>ist der ICAO-Code des Flughafens Olsztyn-Mazury<\/li>\n\n\n\n<li><strong>SZY<\/strong> ist der IATA-Code des Flughafens Olsztyn-Mazury<\/li>\n\n\n\n<li><strong>2 Flugzeughangars<\/strong> f\u00fcr Flugzeuge der General Aviation wurden im Jahr 2021 gebaut<\/li>\n\n\n\n<li><strong>600 m2<\/strong> &#8211; das ist die Fl\u00e4che eines jeden Flugzeughangars<\/li>\n\n\n\n<li><strong>6500 m2<\/strong> &#8211; die Nutzfl\u00e4che des Passagierterminals<\/li>\n\n\n\n<li><strong>5 Check-in-Schalter<\/strong> &#8211; das ist die Anzahl der Schalter f\u00fcr die Passagier- und Gep\u00e4ckabfertigung im Terminal<\/li>\n\n\n\n<li><strong>500 Liter<\/strong> &#8211; das ist die durchschnittliche Menge an Enteisungsfl\u00fcssigkeit, die zum Enteisen eines Flugzeugs vor dem Start verwendet wird<\/li>\n\n\n\n<li><strong>600 m2<\/strong> ist die Nutzfl\u00e4che des Flughafenrettungs- und Feuerwehrdienstes<\/li>\n<\/ul>\n\n\n\n<h2 class=\"wp-block-heading\"><strong>Seehafen und -verkehr<\/strong><\/h2>\n\n\n\n<p>Ermland und Masuren haben \u00fcber den Seehafen von Elbl\u0105g (dem gr\u00f6\u00dften Hafen am Frischen Haff) Zugang zur Ostsee. Er stellt eine Seeverbindung zwischen dem Frischen Haff und der Danziger Bucht auf polnischem Gebiet her. Die Gesamtl\u00e4nge des Ufers betr\u00e4gt hier fast 3,7 km. Der Hafen dient der und Ostseek\u00fcstenschifffahrt f\u00fcr den Transport von G\u00fctern, Passagieren und Touristen. Der Seehafen befindet sich in Elbl\u0105g am Fluss Elbl\u0105g. Das Gebiet des Flusses Elbl\u0105g bis zu den Hafengrenzen hat den Status eines Binnengew\u00e4ssers.<\/p>\n\n\n\n<p>Der Seehafen Elbl\u0105g hat Bahn- und Stra\u00dfenverbindungen mit Kaliningrad, Warszawa, Gda\u0144sk, Olsztyn, Malbork und Braniewo. Er beherbergt den Grenzschutz, das Zollamt, das B\u00fcro des Hafenmeisters, die Hafenbeh\u00f6rde und die phytosanit\u00e4re Kontrollstelle;<\/p>\n\n\n\n<p>Der Hafen verf\u00fcgt \u00fcber 5 Hafenbecken, eine Schiffsreparaturwerft, einen 150-Tonnen-Kran, eine 120 Meter lange Schiffsdrehscheibe, einen Gleisanschluss sowie Umschlag- und Passagierterminals.<\/p>\n\n\n\n<p>Der Kanal wird Seeschiffen mit einer L\u00e4nge von 100 Metern (oder 180 Metern &#8211; eine Reihe von Lastk\u00e4hnen), einer Breite<a href=\"https:\/\/pl.wikipedia.org\/wiki\/Kana%C5%82_%C5%BCeglugowy_na_Mierzei_Wi%C5%9Blanej#cite_note-8\"><\/a> von 20 Metern und einem Tiefgang von 4,5 Metern den Zugang zu Elbl\u0105g erm\u00f6glichen.<\/p>\n\n\n\n<figure class=\"wp-block-gallery has-nested-images columns-default is-cropped wp-block-gallery-3 is-layout-flex wp-block-gallery-is-layout-flex\">\n<figure class=\"wp-block-image size-large\"><img loading=\"lazy\" decoding=\"async\" width=\"640\" height=\"427\" data-id=\"170\" src=\"https:\/\/invest.warmia.mazury.pl\/de\/wp-content\/uploads\/sites\/4\/2022\/02\/gospodarka_009.jpg\" alt=\"\" class=\"wp-image-170\" srcset=\"https:\/\/invest.warmia.mazury.pl\/de\/wp-content\/uploads\/sites\/4\/2022\/02\/gospodarka_009.jpg 640w, https:\/\/invest.warmia.mazury.pl\/de\/wp-content\/uploads\/sites\/4\/2022\/02\/gospodarka_009-300x200.jpg 300w\" sizes=\"auto, (max-width: 640px) 100vw, 640px\" \/><\/figure>\n\n\n\n<figure class=\"wp-block-image size-large\"><img loading=\"lazy\" decoding=\"async\" width=\"640\" height=\"427\" data-id=\"171\" src=\"https:\/\/invest.warmia.mazury.pl\/de\/wp-content\/uploads\/sites\/4\/2022\/02\/gospodarka_011.jpg\" alt=\"\" class=\"wp-image-171\" srcset=\"https:\/\/invest.warmia.mazury.pl\/de\/wp-content\/uploads\/sites\/4\/2022\/02\/gospodarka_011.jpg 640w, https:\/\/invest.warmia.mazury.pl\/de\/wp-content\/uploads\/sites\/4\/2022\/02\/gospodarka_011-300x200.jpg 300w\" sizes=\"auto, (max-width: 640px) 100vw, 640px\" \/><\/figure>\n\n\n\n<figure class=\"wp-block-image size-large\"><img loading=\"lazy\" decoding=\"async\" width=\"640\" height=\"427\" data-id=\"172\" src=\"https:\/\/invest.warmia.mazury.pl\/de\/wp-content\/uploads\/sites\/4\/2022\/02\/gospodarka_013.jpg\" alt=\"\" class=\"wp-image-172\" srcset=\"https:\/\/invest.warmia.mazury.pl\/de\/wp-content\/uploads\/sites\/4\/2022\/02\/gospodarka_013.jpg 640w, https:\/\/invest.warmia.mazury.pl\/de\/wp-content\/uploads\/sites\/4\/2022\/02\/gospodarka_013-300x200.jpg 300w\" sizes=\"auto, (max-width: 640px) 100vw, 640px\" \/><\/figure>\n<\/figure>\n\n\n\n<h2 class=\"wp-block-heading\"><strong>Stra\u00dfen<\/strong><\/h2>\n\n\n\n<p>Ermland und Masuren sind dank der Schnellstra\u00dfe Nr. 7, die Krak\u00f3w, Warszawa und Gda\u0144sk verbindet (ein Teil der Stra\u00dfe befindet sich in der Region Ermland-Masuren), sowie anderer Schnellstra\u00dfen und Nationalstra\u00dfen logistisch leicht zu erreichen.<\/p>\n\n\n\n<p>Das Schnellstra\u00dfennetz wird st\u00e4ndig erweitert. In der Woiwodschaft gibt es derzeit 257,5 Kilometer Schnellstra\u00dfen, darunter:<\/p>\n\n\n\n<figure class=\"wp-block-gallery has-nested-images columns-default is-cropped wp-block-gallery-4 is-layout-flex wp-block-gallery-is-layout-flex\">\n<figure class=\"wp-block-image size-large\"><img loading=\"lazy\" decoding=\"async\" width=\"640\" height=\"418\" data-id=\"175\" src=\"https:\/\/invest.warmia.mazury.pl\/de\/wp-content\/uploads\/sites\/4\/2022\/02\/gospodarka_025-1.jpg\" alt=\"\" class=\"wp-image-175\" srcset=\"https:\/\/invest.warmia.mazury.pl\/de\/wp-content\/uploads\/sites\/4\/2022\/02\/gospodarka_025-1.jpg 640w, https:\/\/invest.warmia.mazury.pl\/de\/wp-content\/uploads\/sites\/4\/2022\/02\/gospodarka_025-1-300x196.jpg 300w\" sizes=\"auto, (max-width: 640px) 100vw, 640px\" \/><\/figure>\n\n\n\n<figure class=\"wp-block-image size-large\"><img loading=\"lazy\" decoding=\"async\" width=\"640\" height=\"382\" data-id=\"176\" src=\"https:\/\/invest.warmia.mazury.pl\/de\/wp-content\/uploads\/sites\/4\/2022\/02\/infrastruktura-1.jpg\" alt=\"\" class=\"wp-image-176\" srcset=\"https:\/\/invest.warmia.mazury.pl\/de\/wp-content\/uploads\/sites\/4\/2022\/02\/infrastruktura-1.jpg 640w, https:\/\/invest.warmia.mazury.pl\/de\/wp-content\/uploads\/sites\/4\/2022\/02\/infrastruktura-1-300x179.jpg 300w\" sizes=\"auto, (max-width: 640px) 100vw, 640px\" \/><\/figure>\n\n\n\n<figure class=\"wp-block-image size-large\"><img loading=\"lazy\" decoding=\"async\" width=\"1024\" height=\"575\" data-id=\"177\" src=\"https:\/\/invest.warmia.mazury.pl\/de\/wp-content\/uploads\/sites\/4\/2022\/02\/DJI_0673-1-1024x575.jpg\" alt=\"\" class=\"wp-image-177\" srcset=\"https:\/\/invest.warmia.mazury.pl\/de\/wp-content\/uploads\/sites\/4\/2022\/02\/DJI_0673-1-1024x575.jpg 1024w, https:\/\/invest.warmia.mazury.pl\/de\/wp-content\/uploads\/sites\/4\/2022\/02\/DJI_0673-1-300x169.jpg 300w, https:\/\/invest.warmia.mazury.pl\/de\/wp-content\/uploads\/sites\/4\/2022\/02\/DJI_0673-1-1296x728.jpg 1296w, https:\/\/invest.warmia.mazury.pl\/de\/wp-content\/uploads\/sites\/4\/2022\/02\/DJI_0673-1-768x431.jpg 768w, https:\/\/invest.warmia.mazury.pl\/de\/wp-content\/uploads\/sites\/4\/2022\/02\/DJI_0673-1-1536x863.jpg 1536w, https:\/\/invest.warmia.mazury.pl\/de\/wp-content\/uploads\/sites\/4\/2022\/02\/DJI_0673-1-2048x1151.jpg 2048w\" sizes=\"auto, (max-width: 1024px) 100vw, 1024px\" \/><\/figure>\n<\/figure>\n\n\n\n<ul class=\"wp-block-list\">\n<li>Schnellstra\u00dfe S7 von Warszawa nach Gda\u0144sk, deren gesamter Abschnitt durch die Woiwodschaft Ermland-Masuren verl\u00e4uft, hat den Status einer Schnellstra\u00dfe<\/li>\n\n\n\n<li>Schnellstra\u00dfe S16 (Mr\u0105gowo &#8211; Orzysz &#8211; E\u0142k), die in den kommenden Jahren ausgebaut wird und schlie\u00dflich bis zum Grenz\u00fcbergang Ogrodniki (Staatsgrenze zu Litauen) f\u00fchren soll.<a href=\"https:\/\/conadrogach.pl\/droga-ekspresowa\/s22\/\"><\/a><\/li>\n\n\n\n<li>Schnellstra\u00dfe S22, die von Elbl\u0105g zur Staatsgrenze Grzechotki Elbl\u0105g (Russland) f\u00fchrt<a href=\"https:\/\/conadrogach.pl\/droga-ekspresowa\/s51\/\"><\/a><\/li>\n\n\n\n<li>Schnellstra\u00dfe S51, Olsztyn &#8211; Olsztynek, einschlie\u00dflich der Umgehungsstra\u00dfe von Olsztyn<\/li>\n\n\n\n<li>Schnellstra\u00dfe S61, die \u00fcber E\u0142k zur Staatsgrenze mit Litauen (Budzisko) f\u00fchrt<\/li>\n<\/ul>\n\n\n\n<figure class=\"wp-block-image size-full\"><img loading=\"lazy\" decoding=\"async\" width=\"777\" height=\"525\" src=\"https:\/\/invest.warmia.mazury.pl\/de\/wp-content\/uploads\/sites\/4\/2022\/02\/drogi.jpg\" alt=\"\" class=\"wp-image-188\" srcset=\"https:\/\/invest.warmia.mazury.pl\/de\/wp-content\/uploads\/sites\/4\/2022\/02\/drogi.jpg 777w, https:\/\/invest.warmia.mazury.pl\/de\/wp-content\/uploads\/sites\/4\/2022\/02\/drogi-300x203.jpg 300w, https:\/\/invest.warmia.mazury.pl\/de\/wp-content\/uploads\/sites\/4\/2022\/02\/drogi-768x519.jpg 768w\" sizes=\"auto, (max-width: 777px) 100vw, 777px\" \/><figcaption class=\"wp-element-caption\">Schnellstra\u00dfen in der Woiwodschaft Ermland-Masuren<\/figcaption><\/figure>\n\n\n\n<p>Im Rahmen des Projekts Regierungsprogramm f\u00fcr den Nationalen Stra\u00dfenbau bis 2030 (bis 2033) wurden die wichtigsten Infrastrukturinvestitionen in der Woiwodschaft Ermland-Masuren geplant, die umgesetzt werden sollen:<\/p>\n\n\n\n<ul class=\"wp-block-list\">\n<li>S5 Ornowo &#8211; Wirwajdy &#8211; 5 km,<\/li>\n\n\n\n<li>S5 Wirwajdy &#8211; Grenze der Woiwodschaft Kujawien-Pommern &#8211; ca. 45 km,<\/li>\n\n\n\n<li>S16 Borki Wielkie &#8211; Mr\u0105gowo &#8211; 12.9 km,<\/li>\n\n\n\n<li>S61 Szczuczyn &#8211; Raczki (Umgehungsstra\u00dfe von August\u00f3w) &#8211; 66,4 km,<\/li>\n\n\n\n<li>S16 Olsztyn &#8211; E\u0142k &#8211; 102.8 km,<\/li>\n\n\n\n<li>15 Umgehungsstra\u00dfe von Nowe Miasto Lubawskie &#8211; 17.7 km,<\/li>\n<\/ul>\n\n\n\n<p><\/p>\n\n\n\n<h2 class=\"wp-block-heading\"><br><strong>Netz von Eisenbahnlinien<\/strong><\/h2>\n\n\n\n<p>Das dichte Schienennetz von \u00fcber 1.200 km bildet ein Verbindungsnetz, das das gesamte Ermland und Masuren abdeckt. Es bietet Verbindungen zwischen den gr\u00f6\u00dften St\u00e4dten der Region und wichtigen St\u00e4dten in Polen, w\u00e4hrend man von Braniewo und Elbl\u0105g aus mit dem Zug in die Oblast Kaliningrad reisen kann. In der Region befindet sich auch das Logistic Terminal Braniewo &#8211; das gr\u00f6\u00dfte und modernste Umschlagterminal an der polnisch-russischen Grenze, das eine hochwertige Maschineninfrastruktur, Umschlagspotenzial und Effizienz sowie moderne L\u00f6sungen bietet. Das Terminal befindet sich direkt in der N\u00e4he des Grenz\u00fcbergangs Braniewo &#8211; Mamonowo. Es erstreckt sich \u00fcber eine Fl\u00e4che von 32 ha und bietet Dienstleistungen in den Bereichen Umschlag, Verpackung, Lagerung, Spedition und Logistik von Waren sowie Zollabfertigung.<\/p>\n\n\n\n<figure class=\"wp-block-gallery has-nested-images columns-default is-cropped wp-block-gallery-5 is-layout-flex wp-block-gallery-is-layout-flex\">\n<figure class=\"wp-block-image size-large\"><img loading=\"lazy\" decoding=\"async\" width=\"640\" height=\"395\" data-id=\"179\" src=\"https:\/\/invest.warmia.mazury.pl\/de\/wp-content\/uploads\/sites\/4\/2022\/02\/kolej_001.jpg\" alt=\"\" class=\"wp-image-179\" srcset=\"https:\/\/invest.warmia.mazury.pl\/de\/wp-content\/uploads\/sites\/4\/2022\/02\/kolej_001.jpg 640w, https:\/\/invest.warmia.mazury.pl\/de\/wp-content\/uploads\/sites\/4\/2022\/02\/kolej_001-300x185.jpg 300w\" sizes=\"auto, (max-width: 640px) 100vw, 640px\" \/><\/figure>\n\n\n\n<figure class=\"wp-block-image size-large\"><img loading=\"lazy\" decoding=\"async\" width=\"640\" height=\"437\" data-id=\"181\" src=\"https:\/\/invest.warmia.mazury.pl\/de\/wp-content\/uploads\/sites\/4\/2022\/02\/kolej_002.jpg\" alt=\"\" class=\"wp-image-181\" srcset=\"https:\/\/invest.warmia.mazury.pl\/de\/wp-content\/uploads\/sites\/4\/2022\/02\/kolej_002.jpg 640w, https:\/\/invest.warmia.mazury.pl\/de\/wp-content\/uploads\/sites\/4\/2022\/02\/kolej_002-300x205.jpg 300w\" sizes=\"auto, (max-width: 640px) 100vw, 640px\" \/><\/figure>\n\n\n\n<figure class=\"wp-block-image size-large\"><img loading=\"lazy\" decoding=\"async\" width=\"640\" height=\"427\" data-id=\"180\" src=\"https:\/\/invest.warmia.mazury.pl\/de\/wp-content\/uploads\/sites\/4\/2022\/02\/kolej_005.jpg\" alt=\"\" class=\"wp-image-180\" srcset=\"https:\/\/invest.warmia.mazury.pl\/de\/wp-content\/uploads\/sites\/4\/2022\/02\/kolej_005.jpg 640w, https:\/\/invest.warmia.mazury.pl\/de\/wp-content\/uploads\/sites\/4\/2022\/02\/kolej_005-300x200.jpg 300w\" sizes=\"auto, (max-width: 640px) 100vw, 640px\" \/><\/figure>\n<\/figure>\n\n\n\n<h2 class=\"wp-block-heading\">Grenze der Europ\u00e4ischen Union<\/h2>\n\n\n\n<p>Ermland und Masuren bilden die \u00f6stliche Grenze der Europ\u00e4ischen Union &#8211; es gibt hier neun Grenz\u00fcberg\u00e4nge zur Oblast Kaliningrad: Stra\u00dfen-Grenz\u00fcberg\u00e4nge (Bezledy, Go\u0142dap, Gronowo, Grzechotki), Bahn-Grenz\u00fcberg\u00e4nge (Braniewo, G\u0142omno und Skandawa) und See-Grenz\u00fcberg\u00e4nge (Elbl\u0105g und Frombork).<\/p>\n\n\n\n<figure class=\"wp-block-gallery has-nested-images columns-default is-cropped wp-block-gallery-6 is-layout-flex wp-block-gallery-is-layout-flex\">\n<figure class=\"wp-block-image size-large\"><img loading=\"lazy\" decoding=\"async\" width=\"640\" height=\"426\" data-id=\"183\" src=\"https:\/\/invest.warmia.mazury.pl\/de\/wp-content\/uploads\/sites\/4\/2022\/02\/RAC_1398.jpg\" alt=\"\" class=\"wp-image-183\" srcset=\"https:\/\/invest.warmia.mazury.pl\/de\/wp-content\/uploads\/sites\/4\/2022\/02\/RAC_1398.jpg 640w, https:\/\/invest.warmia.mazury.pl\/de\/wp-content\/uploads\/sites\/4\/2022\/02\/RAC_1398-300x200.jpg 300w\" sizes=\"auto, (max-width: 640px) 100vw, 640px\" \/><\/figure>\n\n\n\n<figure class=\"wp-block-image size-large\"><img loading=\"lazy\" decoding=\"async\" width=\"640\" height=\"426\" data-id=\"184\" src=\"https:\/\/invest.warmia.mazury.pl\/de\/wp-content\/uploads\/sites\/4\/2022\/02\/RAC_1448.jpg\" alt=\"\" class=\"wp-image-184\" srcset=\"https:\/\/invest.warmia.mazury.pl\/de\/wp-content\/uploads\/sites\/4\/2022\/02\/RAC_1448.jpg 640w, https:\/\/invest.warmia.mazury.pl\/de\/wp-content\/uploads\/sites\/4\/2022\/02\/RAC_1448-300x200.jpg 300w\" sizes=\"auto, (max-width: 640px) 100vw, 640px\" \/><\/figure>\n\n\n\n<figure class=\"wp-block-image size-large\"><img loading=\"lazy\" decoding=\"async\" width=\"640\" height=\"426\" data-id=\"185\" src=\"https:\/\/invest.warmia.mazury.pl\/de\/wp-content\/uploads\/sites\/4\/2022\/02\/RAC_1475.jpg\" alt=\"\" class=\"wp-image-185\" srcset=\"https:\/\/invest.warmia.mazury.pl\/de\/wp-content\/uploads\/sites\/4\/2022\/02\/RAC_1475.jpg 640w, https:\/\/invest.warmia.mazury.pl\/de\/wp-content\/uploads\/sites\/4\/2022\/02\/RAC_1475-300x200.jpg 300w\" sizes=\"auto, (max-width: 640px) 100vw, 640px\" \/><\/figure>\n<\/figure>\n","protected":false},"excerpt":{"rendered":"<p>Die Woiwodschaft Ermland-Masuren verf\u00fcgt \u00fcber eine gut ausgebaute Infrastruktur, darunter Flughafen Seit 5 Jahren gibt es in der Region den Flughafen Olsztyn-Mazury. Dieser befindet sich in Szymany, 10 km von [&hellip;]<\/p>\n","protected":false},"author":4,"featured_media":135,"comment_status":"open","ping_status":"open","sticky":false,"template":"","format":"standard","meta":{"inline_featured_image":false,"footnotes":""},"categories":[8],"tags":[],"class_list":["post-133","post","type-post","status-publish","format-standard","has-post-thumbnail","hentry","category-fuer-investoren"],"yoast_head":"<!-- This site is optimized with the Yoast SEO plugin v26.7 - https:\/\/yoast.com\/wordpress\/plugins\/seo\/ -->\n<title>Infrastruktur in der Region - Invest Ermland Masuren<\/title>\n<meta name=\"robots\" content=\"index, follow, max-snippet:-1, max-image-preview:large, max-video-preview:-1\" \/>\n<link rel=\"canonical\" href=\"https:\/\/invest.warmia.mazury.pl\/de\/infrastruktur-in-der-region\/\" \/>\n<meta property=\"og:locale\" content=\"de_DE\" \/>\n<meta property=\"og:type\" content=\"article\" \/>\n<meta property=\"og:title\" content=\"Infrastruktur in der Region - Invest Ermland Masuren\" \/>\n<meta property=\"og:description\" content=\"Die Woiwodschaft Ermland-Masuren verf\u00fcgt \u00fcber eine gut ausgebaute Infrastruktur, darunter Flughafen Seit 5 Jahren gibt es in der Region den Flughafen Olsztyn-Mazury. Dieser befindet sich in Szymany, 10 km von [&hellip;]\" \/>\n<meta property=\"og:url\" content=\"https:\/\/invest.warmia.mazury.pl\/de\/infrastruktur-in-der-region\/\" \/>\n<meta property=\"og:site_name\" content=\"Invest Ermland Masuren\" \/>\n<meta property=\"article:published_time\" content=\"2022-02-23T20:13:00+00:00\" \/>\n<meta property=\"article:modified_time\" content=\"2025-07-16T09:35:41+00:00\" \/>\n<meta property=\"og:image\" content=\"https:\/\/invest.warmia.mazury.pl\/de\/wp-content\/uploads\/sites\/4\/2022\/02\/DJI_0673-scaled.jpg\" \/>\n\t<meta property=\"og:image:width\" content=\"2560\" \/>\n\t<meta property=\"og:image:height\" content=\"1438\" \/>\n\t<meta property=\"og:image:type\" content=\"image\/jpeg\" \/>\n<meta name=\"author\" content=\"marta\" \/>\n<meta name=\"twitter:card\" content=\"summary_large_image\" \/>\n<meta name=\"twitter:label1\" content=\"Verfasst von\" \/>\n\t<meta name=\"twitter:data1\" content=\"marta\" \/>\n\t<meta name=\"twitter:label2\" content=\"Gesch\u00e4tzte Lesezeit\" \/>\n\t<meta name=\"twitter:data2\" content=\"5\u00a0Minuten\" \/>\n<script type=\"application\/ld+json\" class=\"yoast-schema-graph\">{\"@context\":\"https:\/\/schema.org\",\"@graph\":[{\"@type\":\"Article\",\"@id\":\"https:\/\/invest.warmia.mazury.pl\/de\/infrastruktur-in-der-region\/#article\",\"isPartOf\":{\"@id\":\"https:\/\/invest.warmia.mazury.pl\/de\/infrastruktur-in-der-region\/\"},\"author\":{\"name\":\"marta\",\"@id\":\"https:\/\/invest.warmia.mazury.pl\/de\/#\/schema\/person\/d815b4c4a4f90ca018aab7dd6124ed43\"},\"headline\":\"Infrastruktur in der Region\",\"datePublished\":\"2022-02-23T20:13:00+00:00\",\"dateModified\":\"2025-07-16T09:35:41+00:00\",\"mainEntityOfPage\":{\"@id\":\"https:\/\/invest.warmia.mazury.pl\/de\/infrastruktur-in-der-region\/\"},\"wordCount\":1017,\"commentCount\":0,\"publisher\":{\"@id\":\"https:\/\/invest.warmia.mazury.pl\/de\/#organization\"},\"image\":{\"@id\":\"https:\/\/invest.warmia.mazury.pl\/de\/infrastruktur-in-der-region\/#primaryimage\"},\"thumbnailUrl\":\"https:\/\/invest.warmia.mazury.pl\/de\/wp-content\/uploads\/sites\/4\/2022\/02\/DJI_0673-scaled.jpg\",\"articleSection\":[\"F\u00fcr Investoren\"],\"inLanguage\":\"de\",\"potentialAction\":[{\"@type\":\"CommentAction\",\"name\":\"Comment\",\"target\":[\"https:\/\/invest.warmia.mazury.pl\/de\/infrastruktur-in-der-region\/#respond\"]}]},{\"@type\":\"WebPage\",\"@id\":\"https:\/\/invest.warmia.mazury.pl\/de\/infrastruktur-in-der-region\/\",\"url\":\"https:\/\/invest.warmia.mazury.pl\/de\/infrastruktur-in-der-region\/\",\"name\":\"Infrastruktur in der Region - Invest Ermland Masuren\",\"isPartOf\":{\"@id\":\"https:\/\/invest.warmia.mazury.pl\/de\/#website\"},\"primaryImageOfPage\":{\"@id\":\"https:\/\/invest.warmia.mazury.pl\/de\/infrastruktur-in-der-region\/#primaryimage\"},\"image\":{\"@id\":\"https:\/\/invest.warmia.mazury.pl\/de\/infrastruktur-in-der-region\/#primaryimage\"},\"thumbnailUrl\":\"https:\/\/invest.warmia.mazury.pl\/de\/wp-content\/uploads\/sites\/4\/2022\/02\/DJI_0673-scaled.jpg\",\"datePublished\":\"2022-02-23T20:13:00+00:00\",\"dateModified\":\"2025-07-16T09:35:41+00:00\",\"breadcrumb\":{\"@id\":\"https:\/\/invest.warmia.mazury.pl\/de\/infrastruktur-in-der-region\/#breadcrumb\"},\"inLanguage\":\"de\",\"potentialAction\":[{\"@type\":\"ReadAction\",\"target\":[\"https:\/\/invest.warmia.mazury.pl\/de\/infrastruktur-in-der-region\/\"]}]},{\"@type\":\"ImageObject\",\"inLanguage\":\"de\",\"@id\":\"https:\/\/invest.warmia.mazury.pl\/de\/infrastruktur-in-der-region\/#primaryimage\",\"url\":\"https:\/\/invest.warmia.mazury.pl\/de\/wp-content\/uploads\/sites\/4\/2022\/02\/DJI_0673-scaled.jpg\",\"contentUrl\":\"https:\/\/invest.warmia.mazury.pl\/de\/wp-content\/uploads\/sites\/4\/2022\/02\/DJI_0673-scaled.jpg\",\"width\":2560,\"height\":1438},{\"@type\":\"BreadcrumbList\",\"@id\":\"https:\/\/invest.warmia.mazury.pl\/de\/infrastruktur-in-der-region\/#breadcrumb\",\"itemListElement\":[{\"@type\":\"ListItem\",\"position\":1,\"name\":\"Strona g\u0142\u00f3wna\",\"item\":\"https:\/\/invest.warmia.mazury.pl\/de\/\"},{\"@type\":\"ListItem\",\"position\":2,\"name\":\"Infrastruktur in der Region\"}]},{\"@type\":\"WebSite\",\"@id\":\"https:\/\/invest.warmia.mazury.pl\/de\/#website\",\"url\":\"https:\/\/invest.warmia.mazury.pl\/de\/\",\"name\":\"Invest Ermland Masuren\",\"description\":\"\",\"publisher\":{\"@id\":\"https:\/\/invest.warmia.mazury.pl\/de\/#organization\"},\"potentialAction\":[{\"@type\":\"SearchAction\",\"target\":{\"@type\":\"EntryPoint\",\"urlTemplate\":\"https:\/\/invest.warmia.mazury.pl\/de\/?s={search_term_string}\"},\"query-input\":{\"@type\":\"PropertyValueSpecification\",\"valueRequired\":true,\"valueName\":\"search_term_string\"}}],\"inLanguage\":\"de\"},{\"@type\":\"Organization\",\"@id\":\"https:\/\/invest.warmia.mazury.pl\/de\/#organization\",\"name\":\"Invest Ermland Masuren\",\"url\":\"https:\/\/invest.warmia.mazury.pl\/de\/\",\"logo\":{\"@type\":\"ImageObject\",\"inLanguage\":\"de\",\"@id\":\"https:\/\/invest.warmia.mazury.pl\/de\/#\/schema\/logo\/image\/\",\"url\":\"https:\/\/invest.warmia.mazury.pl\/de\/wp-content\/uploads\/sites\/4\/2021\/12\/logo-invest-in-color.svg\",\"contentUrl\":\"https:\/\/invest.warmia.mazury.pl\/de\/wp-content\/uploads\/sites\/4\/2021\/12\/logo-invest-in-color.svg\",\"caption\":\"Invest Ermland Masuren\"},\"image\":{\"@id\":\"https:\/\/invest.warmia.mazury.pl\/de\/#\/schema\/logo\/image\/\"}},{\"@type\":\"Person\",\"@id\":\"https:\/\/invest.warmia.mazury.pl\/de\/#\/schema\/person\/d815b4c4a4f90ca018aab7dd6124ed43\",\"name\":\"marta\",\"image\":{\"@type\":\"ImageObject\",\"inLanguage\":\"de\",\"@id\":\"https:\/\/invest.warmia.mazury.pl\/de\/#\/schema\/person\/image\/\",\"url\":\"https:\/\/secure.gravatar.com\/avatar\/fd1add20b7b459e67ea7959e2face29b?s=96&d=mm&r=g\",\"contentUrl\":\"https:\/\/secure.gravatar.com\/avatar\/fd1add20b7b459e67ea7959e2face29b?s=96&d=mm&r=g\",\"caption\":\"marta\"}}]}<\/script>\n<!-- \/ Yoast SEO plugin. -->","yoast_head_json":{"title":"Infrastruktur in der Region - Invest Ermland Masuren","robots":{"index":"index","follow":"follow","max-snippet":"max-snippet:-1","max-image-preview":"max-image-preview:large","max-video-preview":"max-video-preview:-1"},"canonical":"https:\/\/invest.warmia.mazury.pl\/de\/infrastruktur-in-der-region\/","og_locale":"de_DE","og_type":"article","og_title":"Infrastruktur in der Region - Invest Ermland Masuren","og_description":"Die Woiwodschaft Ermland-Masuren verf\u00fcgt \u00fcber eine gut ausgebaute Infrastruktur, darunter Flughafen Seit 5 Jahren gibt es in der Region den Flughafen Olsztyn-Mazury. Dieser befindet sich in Szymany, 10 km von [&hellip;]","og_url":"https:\/\/invest.warmia.mazury.pl\/de\/infrastruktur-in-der-region\/","og_site_name":"Invest Ermland Masuren","article_published_time":"2022-02-23T20:13:00+00:00","article_modified_time":"2025-07-16T09:35:41+00:00","og_image":[{"width":2560,"height":1438,"url":"https:\/\/invest.warmia.mazury.pl\/de\/wp-content\/uploads\/sites\/4\/2022\/02\/DJI_0673-scaled.jpg","type":"image\/jpeg"}],"author":"marta","twitter_card":"summary_large_image","twitter_misc":{"Verfasst von":"marta","Gesch\u00e4tzte Lesezeit":"5\u00a0Minuten"},"schema":{"@context":"https:\/\/schema.org","@graph":[{"@type":"Article","@id":"https:\/\/invest.warmia.mazury.pl\/de\/infrastruktur-in-der-region\/#article","isPartOf":{"@id":"https:\/\/invest.warmia.mazury.pl\/de\/infrastruktur-in-der-region\/"},"author":{"name":"marta","@id":"https:\/\/invest.warmia.mazury.pl\/de\/#\/schema\/person\/d815b4c4a4f90ca018aab7dd6124ed43"},"headline":"Infrastruktur in der Region","datePublished":"2022-02-23T20:13:00+00:00","dateModified":"2025-07-16T09:35:41+00:00","mainEntityOfPage":{"@id":"https:\/\/invest.warmia.mazury.pl\/de\/infrastruktur-in-der-region\/"},"wordCount":1017,"commentCount":0,"publisher":{"@id":"https:\/\/invest.warmia.mazury.pl\/de\/#organization"},"image":{"@id":"https:\/\/invest.warmia.mazury.pl\/de\/infrastruktur-in-der-region\/#primaryimage"},"thumbnailUrl":"https:\/\/invest.warmia.mazury.pl\/de\/wp-content\/uploads\/sites\/4\/2022\/02\/DJI_0673-scaled.jpg","articleSection":["F\u00fcr Investoren"],"inLanguage":"de","potentialAction":[{"@type":"CommentAction","name":"Comment","target":["https:\/\/invest.warmia.mazury.pl\/de\/infrastruktur-in-der-region\/#respond"]}]},{"@type":"WebPage","@id":"https:\/\/invest.warmia.mazury.pl\/de\/infrastruktur-in-der-region\/","url":"https:\/\/invest.warmia.mazury.pl\/de\/infrastruktur-in-der-region\/","name":"Infrastruktur in der Region - Invest Ermland Masuren","isPartOf":{"@id":"https:\/\/invest.warmia.mazury.pl\/de\/#website"},"primaryImageOfPage":{"@id":"https:\/\/invest.warmia.mazury.pl\/de\/infrastruktur-in-der-region\/#primaryimage"},"image":{"@id":"https:\/\/invest.warmia.mazury.pl\/de\/infrastruktur-in-der-region\/#primaryimage"},"thumbnailUrl":"https:\/\/invest.warmia.mazury.pl\/de\/wp-content\/uploads\/sites\/4\/2022\/02\/DJI_0673-scaled.jpg","datePublished":"2022-02-23T20:13:00+00:00","dateModified":"2025-07-16T09:35:41+00:00","breadcrumb":{"@id":"https:\/\/invest.warmia.mazury.pl\/de\/infrastruktur-in-der-region\/#breadcrumb"},"inLanguage":"de","potentialAction":[{"@type":"ReadAction","target":["https:\/\/invest.warmia.mazury.pl\/de\/infrastruktur-in-der-region\/"]}]},{"@type":"ImageObject","inLanguage":"de","@id":"https:\/\/invest.warmia.mazury.pl\/de\/infrastruktur-in-der-region\/#primaryimage","url":"https:\/\/invest.warmia.mazury.pl\/de\/wp-content\/uploads\/sites\/4\/2022\/02\/DJI_0673-scaled.jpg","contentUrl":"https:\/\/invest.warmia.mazury.pl\/de\/wp-content\/uploads\/sites\/4\/2022\/02\/DJI_0673-scaled.jpg","width":2560,"height":1438},{"@type":"BreadcrumbList","@id":"https:\/\/invest.warmia.mazury.pl\/de\/infrastruktur-in-der-region\/#breadcrumb","itemListElement":[{"@type":"ListItem","position":1,"name":"Strona g\u0142\u00f3wna","item":"https:\/\/invest.warmia.mazury.pl\/de\/"},{"@type":"ListItem","position":2,"name":"Infrastruktur in der Region"}]},{"@type":"WebSite","@id":"https:\/\/invest.warmia.mazury.pl\/de\/#website","url":"https:\/\/invest.warmia.mazury.pl\/de\/","name":"Invest Ermland Masuren","description":"","publisher":{"@id":"https:\/\/invest.warmia.mazury.pl\/de\/#organization"},"potentialAction":[{"@type":"SearchAction","target":{"@type":"EntryPoint","urlTemplate":"https:\/\/invest.warmia.mazury.pl\/de\/?s={search_term_string}"},"query-input":{"@type":"PropertyValueSpecification","valueRequired":true,"valueName":"search_term_string"}}],"inLanguage":"de"},{"@type":"Organization","@id":"https:\/\/invest.warmia.mazury.pl\/de\/#organization","name":"Invest Ermland Masuren","url":"https:\/\/invest.warmia.mazury.pl\/de\/","logo":{"@type":"ImageObject","inLanguage":"de","@id":"https:\/\/invest.warmia.mazury.pl\/de\/#\/schema\/logo\/image\/","url":"https:\/\/invest.warmia.mazury.pl\/de\/wp-content\/uploads\/sites\/4\/2021\/12\/logo-invest-in-color.svg","contentUrl":"https:\/\/invest.warmia.mazury.pl\/de\/wp-content\/uploads\/sites\/4\/2021\/12\/logo-invest-in-color.svg","caption":"Invest Ermland Masuren"},"image":{"@id":"https:\/\/invest.warmia.mazury.pl\/de\/#\/schema\/logo\/image\/"}},{"@type":"Person","@id":"https:\/\/invest.warmia.mazury.pl\/de\/#\/schema\/person\/d815b4c4a4f90ca018aab7dd6124ed43","name":"marta","image":{"@type":"ImageObject","inLanguage":"de","@id":"https:\/\/invest.warmia.mazury.pl\/de\/#\/schema\/person\/image\/","url":"https:\/\/secure.gravatar.com\/avatar\/fd1add20b7b459e67ea7959e2face29b?s=96&d=mm&r=g","contentUrl":"https:\/\/secure.gravatar.com\/avatar\/fd1add20b7b459e67ea7959e2face29b?s=96&d=mm&r=g","caption":"marta"}}]}},"_links":{"self":[{"href":"https:\/\/invest.warmia.mazury.pl\/de\/wp-json\/wp\/v2\/posts\/133","targetHints":{"allow":["GET"]}}],"collection":[{"href":"https:\/\/invest.warmia.mazury.pl\/de\/wp-json\/wp\/v2\/posts"}],"about":[{"href":"https:\/\/invest.warmia.mazury.pl\/de\/wp-json\/wp\/v2\/types\/post"}],"author":[{"embeddable":true,"href":"https:\/\/invest.warmia.mazury.pl\/de\/wp-json\/wp\/v2\/users\/4"}],"replies":[{"embeddable":true,"href":"https:\/\/invest.warmia.mazury.pl\/de\/wp-json\/wp\/v2\/comments?post=133"}],"version-history":[{"count":9,"href":"https:\/\/invest.warmia.mazury.pl\/de\/wp-json\/wp\/v2\/posts\/133\/revisions"}],"predecessor-version":[{"id":2178,"href":"https:\/\/invest.warmia.mazury.pl\/de\/wp-json\/wp\/v2\/posts\/133\/revisions\/2178"}],"wp:featuredmedia":[{"embeddable":true,"href":"https:\/\/invest.warmia.mazury.pl\/de\/wp-json\/wp\/v2\/media\/135"}],"wp:attachment":[{"href":"https:\/\/invest.warmia.mazury.pl\/de\/wp-json\/wp\/v2\/media?parent=133"}],"wp:term":[{"taxonomy":"category","embeddable":true,"href":"https:\/\/invest.warmia.mazury.pl\/de\/wp-json\/wp\/v2\/categories?post=133"},{"taxonomy":"post_tag","embeddable":true,"href":"https:\/\/invest.warmia.mazury.pl\/de\/wp-json\/wp\/v2\/tags?post=133"}],"curies":[{"name":"wp","href":"https:\/\/api.w.org\/{rel}","templated":true}]}}